{"id":1330,"date":"2024-03-18T18:09:53","date_gmt":"2024-03-18T18:09:53","guid":{"rendered":"https:\/\/arquitecturasincera.com\/?p=1330"},"modified":"2024-03-18T18:09:54","modified_gmt":"2024-03-18T18:09:54","slug":"descobreix-com-la-geobiologia-afecta-a-la-teva-llar-i-a-la-teva-salut","status":"publish","type":"post","link":"https:\/\/arquitecturasincera.com\/ca\/descobreix-com-la-geobiologia-afecta-a-la-teva-llar-i-a-la-teva-salut\/","title":{"rendered":"Descobreix com la geobiologia afecta a la teva llar i a la teva salut"},"content":{"rendered":"\n<p>A Arquitectura Sincera, no nom\u00e9s ens esforcem per crear espais arquitect\u00f2nics est\u00e8ticament agradables i funcionalment eficients, sin\u00f3 que tamb\u00e9 ens preocupem per la teva salut i benestar. \u00c9s per aix\u00f2 que integrem els principis de la geobiologia en els nostres projectes. Mai has escoltat el terme \"geobiologia\"? Permeteu-me explicar-vos de qu\u00e8 es tracta i com pot influir en la teva vida di\u00e0ria.<\/p>\n\n\n\n<h2 class=\"wp-block-heading\"><strong>Qu\u00e8 \u00e9s la geobiologia?<\/strong><\/h2>\n\n\n\n<p>La geobiologia \u00e9s una ci\u00e8ncia que estudia les energies emeses per la Terra i el seu entorn, ja siguin naturals o artificials, i com afecten la salut i el benestar dels \u00e9ssers vius. Aquestes energies poden provenir de diverses fonts, des de corrents d'aigua subterr\u00e0nies fins a dispositius electr\u00f2nics a la teva llar.<\/p>\n\n\n\n<h2 class=\"wp-block-heading\"><strong>Radiacions naturals vs. Radiacions artificials<\/strong><\/h2>\n\n\n\n<p>Les radiacions naturals provenen de fen\u00f2mens geol\u00f2gics i mediambientals, com corrents d' aigua subterr\u00e0nies i falles geol\u00f2giques. Aquestes poden tenir un impacte significatiu en la nostra salut si no es gestionen adequadament. Entre les principals radiacions naturals es troben:<\/p>\n\n\n\n<p><strong>Corrents d' aigua subterr\u00e0nies:<\/strong> \u00c9s aigua mete\u00f2rica que cau de precipitacions, ja sigui en forma de pluja o neu. Si no s' evapora, o es perd per la transpiraci\u00f3 de les plantes, l' aigua s' infiltra en el terreny. Aquesta aigua discorre pel subs\u00f2l, \u00e9s una aigua en moviment qu\u00e8 per la fricci\u00f3 amb el terreny que l' envolta genera un camp electromagn\u00e8tic.\u00a0 \u00c9s molt important no dormir o romandre molt de temps damunt d' aquestes aig\u00fces subterr\u00e0nies en moviment ja que afecta la gl\u00e0ndula pineal i provoca que el cos no sigui capa\u00e7 de descansar com hauria, no aprofita les hores de son per regenerar-se i altera els processos biol\u00f2gics.<\/p>\n\n\n\n<figure class=\"wp-block-image size-large\"><img loading=\"lazy\" decoding=\"async\" width=\"1024\" height=\"615\" src=\"https:\/\/arquitecturasincera.com\/wp-content\/uploads\/2024\/02\/aguas-subterraneas-1024x615.jpg\" alt=\"\" class=\"wp-image-1292\" srcset=\"https:\/\/arquitecturasincera.com\/wp-content\/uploads\/2024\/02\/aguas-subterraneas-1024x615.jpg 1024w, https:\/\/arquitecturasincera.com\/wp-content\/uploads\/2024\/02\/aguas-subterraneas-300x180.jpg 300w, https:\/\/arquitecturasincera.com\/wp-content\/uploads\/2024\/02\/aguas-subterraneas-768x461.jpg 768w, https:\/\/arquitecturasincera.com\/wp-content\/uploads\/2024\/02\/aguas-subterraneas.jpg 1058w\" sizes=\"auto, (max-width: 1024px) 100vw, 1024px\" \/><\/figure>\n\n\n\n<p><strong>Falles:<\/strong> Una falla geol\u00f2gica \u00e9s una fractura a l'escor\u00e7a terrestre al llarg de la qual es mouen els blocs rocosos que s\u00f3n separats per ella. Quan aix\u00f2 passa, aquests blocs posen en contacte superf\u00edcies de naturalesa diferents de les que emanen diferents energies que influeixen en el camp magn\u00e8tic de l' entorn proper. Aix\u00f2 produeix radiacions que afecten negativament la nostra salut.<\/p>\n\n\n\n<div class=\"wp-block-group has-global-padding\"><div class=\"wp-block-group__inner-container is-layout-constrained wp-block-group-is-layout-constrained\">\n<figure class=\"wp-block-gallery has-nested-images columns-default is-cropped wp-block-gallery-1 is-layout-flex wp-block-gallery-is-layout-flex\">\n<figure class=\"wp-block-image size-large\"><img loading=\"lazy\" decoding=\"async\" width=\"429\" height=\"321\" data-id=\"1315\" src=\"https:\/\/arquitecturasincera.com\/wp-content\/uploads\/2024\/02\/Falla-3-2.jpg\" alt=\"\" class=\"wp-image-1315\" srcset=\"https:\/\/arquitecturasincera.com\/wp-content\/uploads\/2024\/02\/Falla-3-2.jpg 429w, https:\/\/arquitecturasincera.com\/wp-content\/uploads\/2024\/02\/Falla-3-2-300x224.jpg 300w\" sizes=\"auto, (max-width: 429px) 100vw, 429px\" \/><\/figure>\n\n\n\n<figure class=\"wp-block-image size-large\"><img loading=\"lazy\" decoding=\"async\" width=\"406\" height=\"347\" data-id=\"1312\" src=\"https:\/\/arquitecturasincera.com\/wp-content\/uploads\/2024\/02\/Falla-2-3.jpg\" alt=\"\" class=\"wp-image-1312\" srcset=\"https:\/\/arquitecturasincera.com\/wp-content\/uploads\/2024\/02\/Falla-2-3.jpg 406w, https:\/\/arquitecturasincera.com\/wp-content\/uploads\/2024\/02\/Falla-2-3-300x256.jpg 300w\" sizes=\"auto, (max-width: 406px) 100vw, 406px\" \/><\/figure>\n\n\n\n<figure class=\"wp-block-image size-large\"><img loading=\"lazy\" decoding=\"async\" width=\"427\" height=\"332\" data-id=\"1310\" src=\"https:\/\/arquitecturasincera.com\/wp-content\/uploads\/2024\/02\/Falla-1-2.jpg\" alt=\"\" class=\"wp-image-1310\" srcset=\"https:\/\/arquitecturasincera.com\/wp-content\/uploads\/2024\/02\/Falla-1-2.jpg 427w, https:\/\/arquitecturasincera.com\/wp-content\/uploads\/2024\/02\/Falla-1-2-300x233.jpg 300w\" sizes=\"auto, (max-width: 427px) 100vw, 427px\" \/><\/figure>\n<\/figure>\n<\/div><\/div>\n\n\n\n<p><strong>L\u00ednies Hartmann:<\/strong> Les l\u00ednies Hartmann conformen una xarxa de for\u00e7a geomagn\u00e8tica en forma de quadr\u00edcula orientada nord-sud. Aquestes l\u00ednies estan alineades nord-sud cada 2 metres i est-oest cada 2.50 metres aproximadament. Aquestes trames energ\u00e8tiques afecten tant els habitatges de planta baixa com l' habitatge m\u00e9s alt d' un rasclet. Cal tenir especial atenci\u00f3 en les zones d' encreuament de la quadr\u00edcula, ja que es caracteritzen per tenir la capacitat de generar efectes potencialment nocius per a la salut si s' hi roman durant moltes hores al dia. (foto)<\/p>\n\n\n\n<p><strong>L\u00ednies Curry:<\/strong> Les l\u00ednies Curry conformen una xarxa geomagn\u00e8tica natural similar a la xarxa Hartmann. La seva principal difer\u00e8ncia rau en el en el qual les l\u00ednies Curry estan orientades en sentit nord-est-sud-est i sud-est-nord-oest, aproximadament cada 6 o 8 metres i arribant a assolir els 16 metres de dist\u00e0ncia.<\/p>\n\n\n<div class=\"wp-block-image\">\n<figure class=\"aligncenter size-full\"><img loading=\"lazy\" decoding=\"async\" width=\"590\" height=\"587\" src=\"https:\/\/arquitecturasincera.com\/wp-content\/uploads\/2024\/02\/Hartmann.jpg\" alt=\"\" class=\"wp-image-1316\" srcset=\"https:\/\/arquitecturasincera.com\/wp-content\/uploads\/2024\/02\/Hartmann.jpg 590w, https:\/\/arquitecturasincera.com\/wp-content\/uploads\/2024\/02\/Hartmann-300x298.jpg 300w, https:\/\/arquitecturasincera.com\/wp-content\/uploads\/2024\/02\/Hartmann-150x150.jpg 150w\" sizes=\"auto, (max-width: 590px) 100vw, 590px\" \/><\/figure>\n<\/div>\n\n<div class=\"wp-block-image\">\n<figure class=\"aligncenter size-full\"><img loading=\"lazy\" decoding=\"async\" width=\"710\" height=\"385\" src=\"https:\/\/arquitecturasincera.com\/wp-content\/uploads\/2024\/02\/Curry-y-Hartmann.jpg\" alt=\"\" class=\"wp-image-1308\" srcset=\"https:\/\/arquitecturasincera.com\/wp-content\/uploads\/2024\/02\/Curry-y-Hartmann.jpg 710w, https:\/\/arquitecturasincera.com\/wp-content\/uploads\/2024\/02\/Curry-y-Hartmann-300x163.jpg 300w\" sizes=\"auto, (max-width: 710px) 100vw, 710px\" \/><\/figure>\n<\/div>\n\n\n<p>\u00c9s essencial evitar l' exposici\u00f3 prolongada a aquestes radiacions naturals, especialment en \u00e0rees de descans i llarga perman\u00e8ncia.<\/p>\n\n\n\n<p>D' altra banda, les radiacions artificials s\u00f3n generades per dispositius el\u00e8ctrics i electr\u00f2nics en el nostre entorn. Aquestes inclouen les de baixa freq\u00fc\u00e8ncia (produ\u00efdes per electrodom\u00e8stics i la instal\u00b7laci\u00f3 el\u00e8ctrica en general) i les d'alta freq\u00fc\u00e8ncia (produ\u00efdes per dispositius sense fil com Wi-Fi, tel\u00e8fons m\u00f2bils, entre d'altres). A continuaci\u00f3 us deixem una breu descripci\u00f3 de cadascun d'ells.<\/p>\n\n\n\n<p><strong>El camp el\u00e8ctric (baixa freq\u00fc\u00e8ncia BF)<\/strong> el trobem quan hi ha difer\u00e8ncia de voltatge, com m\u00e9s gran \u00e9s la difer\u00e8ncia de voltatge m\u00e9s intensitat t\u00e9 el camp el\u00e8ctric i per tant afecta m\u00e9s la salut de les persones exposades a aix\u00f2. El camp el\u00e8ctric existeix tant fins i tot quan no flueix corrent el\u00e8ctric i no est\u00e0 connectat cap apart el\u00e8ctric. Es produeixen a l'interior de l'habitatge en cables el\u00e8ctrics, bases d'endolls, calefacci\u00f3 el\u00e8ctrica, rellotges despertadors, electrodom\u00e8stics, ... A l' exterior de l' habitatge en transformadors i l\u00ednies d' alta o mitjana tensi\u00f3 o soterrades.<\/p>\n\n\n\n<p><strong>El camp magn\u00e8tic (baixa freq\u00fc\u00e8ncia BF)<\/strong> es produeix a causa del corrent el\u00e8ctric sempre que hi hagi consum el\u00e8ctric. Si hi ha camp el\u00e8ctric hi ha camp magn\u00e8tic. Es produeixen a l'interior de l'habitatge en cables el\u00e8ctrics, transformadors, aparells de cuina, l\u00e0mpades, int\u00e8rfons nadons, bombetes de baix consum, ... A l' exterior de l' habitatge en transformadors i l\u00ednies d' alta o mitjana tensi\u00f3 o soterrades, l\u00ednies de ferrocarrils, fanals, r\u00e8tols lluminosos.<\/p>\n\n\n\n<p><strong>El camp electromagn\u00e8tic (alta freq\u00fc\u00e8ncia AF)<\/strong> el trobem quan hi ha transmissi\u00f3 d'informaci\u00f3 sense fil. A causa de la seva alta freq\u00fc\u00e8ncia, aquests camps poden transportar grans quantitats d' energia a trav\u00e9s de l' espai en forma d' ones electromagn\u00e8tiques. En el context de la geobiologia i la salut humana, hi ha un inter\u00e8s creixent a comprendre com l' exposici\u00f3 a aquests camps d' alta freq\u00fc\u00e8ncia pot afectar el benestar i la qualitat de vida de les persones, aix\u00ed com la seva possible impacte en el medi ambient. Els emissors poden ser, emissores de r\u00e0dio o TV, xarxes de telefonia m\u00f2bil, microones, int\u00e8rfons nadons, radar militar, ...<\/p>\n\n\n\n<h2 class=\"wp-block-heading\"><strong>Impacte en la salut<\/strong><\/h2>\n\n\n\n<p>Nombrosos estudis han demostrat que l'exposici\u00f3 a radiacions naturals pot tenir efectes adversos en la salut. Per exemple, un estudi realitzat per la Universitat de Colorado va trobar que l'exposici\u00f3 a corrents d'aigua subterr\u00e0nies pot estar associada amb un major risc de malalties cr\u00f2niques, com malalties autoimmunes i trastorns del sistema nervi\u00f3s. [Font: \"Grounding the Human Body: The Healing Benefits of Earthing\", Clint Ober et al., 2015]<\/p>\n\n\n\n<p>Un estudi realitzat per l'Institut Nacional del C\u00e0ncer dels Estats Units va trobar que l'exposici\u00f3 a camps electromagn\u00e8tics de baixa freq\u00fc\u00e8ncia est\u00e0 associada amb un major risc de leuc\u00e8mia en nens. [Font: Institut Nacional del C\u00e0ncer dels Estats Units]<\/p>\n\n\n\n<p>A m\u00e9s, investigacions han mostrat que l'exposici\u00f3 a camps electromagn\u00e8tics d'alta freq\u00fc\u00e8ncia, com els generats per dispositius sense fil, pot tenir efectes negatius en la salut mental i f\u00edsica, incloent-hi l'estr\u00e8s, l'ansietat i trastorns del son. [Font: Revista Environmental Health Perspectives]<\/p>\n\n\n\n<h2 class=\"wp-block-heading\"><strong>El cas de Maria: Com la Geobiologia va canviar la seva vida<\/strong><\/h2>\n\n\n\n<p>Maria, una dona de 45 anys, solia experimentar freq\u00fcents dolors de cap i fatiga cr\u00f2nica. Despr\u00e9s d'anys de visitar diferents metges i no trobar una soluci\u00f3, va decidir explorar altres opcions. Va ser llavors quan es va assabentar de la geobiologia i va decidir realitzar un estudi a la seva llar amb Arquitectura Sincera. L'estudi va revelar que el seu dormitori estava ubicat sobre un corrent d'aigua subterr\u00e0nia, cosa que explicava en part els seus s\u00edmptomes. Amb l'ajuda del nostre equip, Maria va implementar canvis al seu dormitori, com canviar la ubicaci\u00f3 del seu llit i utilitzar materials espec\u00edfics per bloquejar les radiacions. En poques setmanes, va comen\u00e7ar a notar una millora significativa en la seva salut. Els seus dolors de cap van disminuir i el seu nivell d'energia va augmentar considerablement.<\/p>\n\n\n\n<h2 class=\"wp-block-heading\"><strong>La Import\u00e0ncia de la geobiologia en el disseny arquitect\u00f2nic<\/strong><\/h2>\n\n\n\n<p>A Arquitectura Sincera, duem a terme estudis de geobiologia per mesurar i analitzar aquestes radiacions en llars i llocs de treball. El nostre objectiu \u00e9s proporcionar solucions per eliminar o minimitzar aquestes radiacions, creant aix\u00ed espais saludables que protegeixin el benestar dels qui els habiten aix\u00ed com donar consells per a un estil de vida que implementi accions que redueixin l'exposici\u00f3 a les radiacions que ens envolten en el dia a dia.<\/p>\n\n\n\n<h2 class=\"wp-block-heading\"><strong>Com protegir-se<\/strong><\/h2>\n\n\n\n<p>A Arquitectura Sincera, realitzem estudis de geobiologia per mesurar i analitzar aquestes radiacions en llars i llocs de treball. Despr\u00e9s, proporcionem solucions per eliminar o minimitzar aquestes radiacions, creant aix\u00ed espais saludables que protegeixin el benestar dels qui els habiten.<\/p>\n\n\n\n<p>En conclusi\u00f3, la geobiologia exerceix un paper fonamental en el disseny arquitect\u00f2nic saludable. En integrar els principis de la geobiologia en els nostres projectes, en Arquitectura Sincera ens comprometem a crear espais que no nom\u00e9s siguin visualment atractius i funcionals, sin\u00f3 tamb\u00e9 saludables i beneficiosos per als qui els habiten. Si est\u00e0s interessat a realitzar un estudi del teu habitatge o a con\u00e8ixer m\u00e9s sobre els nostres serveis, no dubtis a <a href=\"https:\/\/arquitecturasincera.com\/ca\/contacte\/\">contactar-nos<\/a>. Som aqu\u00ed per ajudar-te a crear un entorn habitable que promogui el teu benestar i qualitat de vida.<\/p>\n\n\n\n<p>* Imatges obtingudes del curs realitzat a GEA_' Associaci\u00f3 d' estudis geobiol\u00f2gics<\/p>\n","protected":false},"excerpt":{"rendered":"<p>A Arquitectura Sincera, no nom\u00e9s ens esforcem per crear espais arquitect\u00f2nics est\u00e8ticament agradables i funcionalment [&hellip;]<\/p>\n","protected":false},"author":4,"featured_media":1321,"comment_status":"open","ping_status":"open","sticky":false,"template":"","format":"standard","meta":{"_acf_changed":false,"pgc_sgb_lightbox_settings":"","_joinchat":[],"footnotes":""},"categories":[7],"tags":[46,52,53,47],"class_list":["post-1330","post","type-post","status-publish","format-standard","has-post-thumbnail","hentry","category-uncategorized-ca","tag-geobiologia","tag-insomni","tag-interiorisme","tag-salud"],"acf":[],"_links":{"self":[{"href":"https:\/\/arquitecturasincera.com\/ca\/wp-json\/wp\/v2\/posts\/1330","targetHints":{"allow":["GET"]}}],"collection":[{"href":"https:\/\/arquitecturasincera.com\/ca\/wp-json\/wp\/v2\/posts"}],"about":[{"href":"https:\/\/arquitecturasincera.com\/ca\/wp-json\/wp\/v2\/types\/post"}],"author":[{"embeddable":true,"href":"https:\/\/arquitecturasincera.com\/ca\/wp-json\/wp\/v2\/users\/4"}],"replies":[{"embeddable":true,"href":"https:\/\/arquitecturasincera.com\/ca\/wp-json\/wp\/v2\/comments?post=1330"}],"version-history":[{"count":1,"href":"https:\/\/arquitecturasincera.com\/ca\/wp-json\/wp\/v2\/posts\/1330\/revisions"}],"predecessor-version":[{"id":1331,"href":"https:\/\/arquitecturasincera.com\/ca\/wp-json\/wp\/v2\/posts\/1330\/revisions\/1331"}],"wp:featuredmedia":[{"embeddable":true,"href":"https:\/\/arquitecturasincera.com\/ca\/wp-json\/wp\/v2\/media\/1321"}],"wp:attachment":[{"href":"https:\/\/arquitecturasincera.com\/ca\/wp-json\/wp\/v2\/media?parent=1330"}],"wp:term":[{"taxonomy":"category","embeddable":true,"href":"https:\/\/arquitecturasincera.com\/ca\/wp-json\/wp\/v2\/categories?post=1330"},{"taxonomy":"post_tag","embeddable":true,"href":"https:\/\/arquitecturasincera.com\/ca\/wp-json\/wp\/v2\/tags?post=1330"}],"curies":[{"name":"wp","href":"https:\/\/api.w.org\/{rel}","templated":true}]}}